{"id":4535,"date":"2024-12-18T16:34:00","date_gmt":"2024-12-18T15:34:00","guid":{"rendered":"https:\/\/diseno.duoc.cl\/ddhub\/?post_type=noticias&#038;p=4535"},"modified":"2026-04-21T16:28:14","modified_gmt":"2026-04-21T20:28:14","slug":"exposicion-historia-de-una-huella","status":"publish","type":"post","link":"https:\/\/diseno.duoc.cl\/ddhub\/exposicion-historia-de-una-huella\/","title":{"rendered":"Exposici\u00f3n Historia de una huella"},"content":{"rendered":"\n<p>El mi\u00e9rcoles 13 de noviembre, con motivo de la conmemoraci\u00f3n de los 100 a\u00f1os del trabajo de Mart\u00edn Gusinde, sacerdote y misionero, que marc\u00f3 un hito en la comprensi\u00f3n y el respeto hacia los pueblos originarios de Tierra del Fuego, se inaugur\u00f3 en la sede Padre Alonso de Ovalle de Duoc UC la exposici\u00f3n itinerante \u00abHistoria de una huella\u201d, iniciativa que es fruto del trabajo conjunto del DDHUB, la Direcci\u00f3n de Desarrollo Estudiantil y Titulados de Duoc UC, la Fundaci\u00f3n Gusinde y el Museo Nacional de Historia Natural de Chile.<\/p>\n\n\n\n<p>La muestra, dise\u00f1ada y fabricada \u00edntegramente por estudiantes y docentes de la Escuela de Dise\u00f1o de Duoc UC, ofrece una oportunidad \u00fanica para adentrarse en el legado de este pionero en el dialogo intercultural y en la preservaci\u00f3n de las culturas ind\u00edgenas, a trav\u00e9s de una experiencia inmersiva que se divide en tres momentos clave: en la primera instancia, se presenta a Mart\u00edn Gusinde como un curioso etn\u00f3grafo y fot\u00f3grafo que dej\u00f3 una vasta documentaci\u00f3n sobre los pueblos fueguinos. En el segundo momento, se presentan las costumbres y el entorno de estos pueblos originarios, mientras que, en la \u00faltima parte, se refleja el encuentro intercultural entre los dos mundos, subrayando la huella que este proceso dej\u00f3 en la historia.<\/p>\n\n\n\n<p>La exposici\u00f3n estar\u00e1 disponible en la sede Padre Alonso de Ovalle hasta el d\u00eda 16 de enero de 2025.<\/p>\n\n\n\n<iframe src=https:\/\/data.sentiovr.com\/spaces\/63870\/space_1734350299\/vtour\/tour.html height=\"768\" width=\"100%\"  allowfullscreen=\"true\" mozallowfullscreen=\"true\" webkitallowfullscreen=\"true\"><\/iframe>\n","protected":false},"excerpt":{"rendered":"<p>El mi\u00e9rcoles 13 de noviembre, con motivo de la conmemoraci\u00f3n de los 100 a\u00f1os del trabajo de Mart\u00edn Gusinde, sacerdote y misionero, que marc\u00f3 un hito en la comprensi\u00f3n y el respeto hacia los pueblos originarios de Tierra del Fuego, se inaugur\u00f3 en la sede Padre Alonso de Ovalle de Duoc UC la exposici\u00f3n itinerante [&hellip;]<\/p>\n","protected":false},"author":1,"featured_media":16525,"comment_status":"closed","ping_status":"closed","sticky":false,"template":"","format":"standard","meta":{"_acf_changed":false,"footnotes":""},"categories":[100],"tags":[],"destacada":[],"class_list":["post-4535","post","type-post","status-publish","format-standard","has-post-thumbnail","hentry","category-vinculacion-y-redes"],"acf":[],"_links":{"self":[{"href":"https:\/\/diseno.duoc.cl\/ddhub\/wp-json\/wp\/v2\/posts\/4535","targetHints":{"allow":["GET"]}}],"collection":[{"href":"https:\/\/diseno.duoc.cl\/ddhub\/wp-json\/wp\/v2\/posts"}],"about":[{"href":"https:\/\/diseno.duoc.cl\/ddhub\/wp-json\/wp\/v2\/types\/post"}],"author":[{"embeddable":true,"href":"https:\/\/diseno.duoc.cl\/ddhub\/wp-json\/wp\/v2\/users\/1"}],"replies":[{"embeddable":true,"href":"https:\/\/diseno.duoc.cl\/ddhub\/wp-json\/wp\/v2\/comments?post=4535"}],"version-history":[{"count":4,"href":"https:\/\/diseno.duoc.cl\/ddhub\/wp-json\/wp\/v2\/posts\/4535\/revisions"}],"predecessor-version":[{"id":16527,"href":"https:\/\/diseno.duoc.cl\/ddhub\/wp-json\/wp\/v2\/posts\/4535\/revisions\/16527"}],"wp:featuredmedia":[{"embeddable":true,"href":"https:\/\/diseno.duoc.cl\/ddhub\/wp-json\/wp\/v2\/media\/16525"}],"wp:attachment":[{"href":"https:\/\/diseno.duoc.cl\/ddhub\/wp-json\/wp\/v2\/media?parent=4535"}],"wp:term":[{"taxonomy":"category","embeddable":true,"href":"https:\/\/diseno.duoc.cl\/ddhub\/wp-json\/wp\/v2\/categories?post=4535"},{"taxonomy":"post_tag","embeddable":true,"href":"https:\/\/diseno.duoc.cl\/ddhub\/wp-json\/wp\/v2\/tags?post=4535"},{"taxonomy":"destacada","embeddable":true,"href":"https:\/\/diseno.duoc.cl\/ddhub\/wp-json\/wp\/v2\/destacada?post=4535"}],"curies":[{"name":"wp","href":"https:\/\/api.w.org\/{rel}","templated":true}]}}