{"id":2593,"date":"2024-07-04T21:57:35","date_gmt":"2024-07-04T19:57:35","guid":{"rendered":"https:\/\/diseno.duoc.cl\/ddhub\/?post_type=noticias&#038;p=2593"},"modified":"2025-07-22T21:07:47","modified_gmt":"2025-07-23T01:07:47","slug":"charla-el-lado-a-y-el-lado-b-de-la-inteligencia-artificial","status":"publish","type":"post","link":"https:\/\/diseno.duoc.cl\/ddhub\/charla-el-lado-a-y-el-lado-b-de-la-inteligencia-artificial\/","title":{"rendered":"CHARLA \u201cEL LADO A Y EL LADO B DE LA INTELIGENCIA ARTIFICIAL\u201d."},"content":{"rendered":"\n<p class=\"has-black-color has-text-color has-link-color wp-elements-756c0d616c6e62ab300503085766e489\">El d\u00eda 28 de mayo se realiz\u00f3 en el auditorio de la sede Plaza Vespucio, la charla&nbsp;<strong><a>\u201cEl Lado A y el Lado B de la inteligencia artificial\u201d<\/a>,<\/strong> la cual corresponde a una actividad de transferencia de la investigaci\u00f3n realizada en el Observatorio de tendencias del DDHUB durante el a\u00f1o 2023, por el&nbsp;&nbsp;profesor Harold Chac\u00f3n, la cual se centr\u00f3 en el levantamiento de informaci\u00f3n referida a las diversas plataformas y herramientas que han dinamizado el trabajo digital de im\u00e1genes y el desarrollo web a partir de Inteligencia Artificial.<\/p>\n\n\n\n<p>La actividad cont\u00f3 con la asistencia de autoridades, docentes y estudiantes de la sede. Junto al profesor Chac\u00f3n, particip\u00f3 como invitado en la actividad el Dr. en Astrof\u00edsica de la Pontificia Universidad Cat\u00f3lica de Chile, Roberto Mu\u00f1oz, quien a su vez es CTO en MentorU, Startup que hace una apuesta en el mundo de la educaci\u00f3n y tecnolog\u00eda (Edtech) a trav\u00e9s de soluciones con inteligencia artificial.<\/p>\n\n\n\n<p>En la charla se abordaron las visiones de ambos exponentes, donde se destac\u00f3 un Framework de dise\u00f1o generativo creado por el profesor Chac\u00f3n, el cual forma parte de los resultados de su investigaci\u00f3n y constituye una herramienta que ayuda y gu\u00eda a los usuarios en la construcci\u00f3n gramatical de \u201cPrompts\u201d.<\/p>\n\n\n\n<p>Puedes ver la actividad en el siguiente link:&nbsp;<a href=\"https:\/\/www.youtube.com\/watch?v=WNUJSFqr-c8\">https:\/\/www.youtube.com\/watch?v=WNUJSFqr-c8<\/a><\/p>\n\n\n\n<div style=\"height:50px\" aria-hidden=\"true\" class=\"wp-block-spacer\"><\/div>\n\n\n\n<figure class=\"wp-block-gallery has-nested-images columns-default is-cropped wp-block-gallery-1 is-layout-flex wp-block-gallery-is-layout-flex\">\n<figure class=\"wp-block-image size-large\"><img loading=\"lazy\" decoding=\"async\" width=\"1024\" height=\"1024\" data-id=\"16550\" src=\"https:\/\/dev.laboratoriodiseno.cl\/wp-content\/uploads\/2024\/07\/02-1-1024x1024.jpg\" alt=\"\" class=\"wp-image-16550\" srcset=\"https:\/\/diseno.duoc.cl\/ddhub\/wp-content\/uploads\/2024\/07\/02-1-1024x1024.jpg 1024w, https:\/\/diseno.duoc.cl\/ddhub\/wp-content\/uploads\/2024\/07\/02-1-300x300.jpg 300w, https:\/\/diseno.duoc.cl\/ddhub\/wp-content\/uploads\/2024\/07\/02-1-150x150.jpg 150w, https:\/\/diseno.duoc.cl\/ddhub\/wp-content\/uploads\/2024\/07\/02-1-768x768.jpg 768w, https:\/\/diseno.duoc.cl\/ddhub\/wp-content\/uploads\/2024\/07\/02-1.jpg 1080w\" sizes=\"auto, (max-width: 1024px) 100vw, 1024px\" \/><\/figure>\n\n\n\n<figure class=\"wp-block-image size-large\"><img loading=\"lazy\" decoding=\"async\" width=\"1024\" height=\"1024\" data-id=\"16552\" src=\"https:\/\/dev.laboratoriodiseno.cl\/wp-content\/uploads\/2024\/07\/03-1-1024x1024.jpg\" alt=\"\" class=\"wp-image-16552\" srcset=\"https:\/\/diseno.duoc.cl\/ddhub\/wp-content\/uploads\/2024\/07\/03-1-1024x1024.jpg 1024w, https:\/\/diseno.duoc.cl\/ddhub\/wp-content\/uploads\/2024\/07\/03-1-300x300.jpg 300w, https:\/\/diseno.duoc.cl\/ddhub\/wp-content\/uploads\/2024\/07\/03-1-150x150.jpg 150w, https:\/\/diseno.duoc.cl\/ddhub\/wp-content\/uploads\/2024\/07\/03-1-768x768.jpg 768w, https:\/\/diseno.duoc.cl\/ddhub\/wp-content\/uploads\/2024\/07\/03-1.jpg 1080w\" sizes=\"auto, (max-width: 1024px) 100vw, 1024px\" \/><\/figure>\n\n\n\n<figure class=\"wp-block-image size-large\"><img loading=\"lazy\" decoding=\"async\" width=\"1024\" height=\"1024\" data-id=\"16553\" src=\"https:\/\/dev.laboratoriodiseno.cl\/wp-content\/uploads\/2024\/07\/05-1-1024x1024.jpg\" alt=\"\" class=\"wp-image-16553\" srcset=\"https:\/\/diseno.duoc.cl\/ddhub\/wp-content\/uploads\/2024\/07\/05-1-1024x1024.jpg 1024w, https:\/\/diseno.duoc.cl\/ddhub\/wp-content\/uploads\/2024\/07\/05-1-300x300.jpg 300w, https:\/\/diseno.duoc.cl\/ddhub\/wp-content\/uploads\/2024\/07\/05-1-150x150.jpg 150w, https:\/\/diseno.duoc.cl\/ddhub\/wp-content\/uploads\/2024\/07\/05-1-768x768.jpg 768w, https:\/\/diseno.duoc.cl\/ddhub\/wp-content\/uploads\/2024\/07\/05-1.jpg 1080w\" sizes=\"auto, (max-width: 1024px) 100vw, 1024px\" \/><\/figure>\n\n\n\n<figure class=\"wp-block-image size-large\"><img loading=\"lazy\" decoding=\"async\" width=\"1024\" height=\"1024\" data-id=\"16555\" src=\"https:\/\/dev.laboratoriodiseno.cl\/wp-content\/uploads\/2024\/07\/04-1-1024x1024.jpg\" alt=\"\" class=\"wp-image-16555\" srcset=\"https:\/\/diseno.duoc.cl\/ddhub\/wp-content\/uploads\/2024\/07\/04-1-1024x1024.jpg 1024w, https:\/\/diseno.duoc.cl\/ddhub\/wp-content\/uploads\/2024\/07\/04-1-300x300.jpg 300w, https:\/\/diseno.duoc.cl\/ddhub\/wp-content\/uploads\/2024\/07\/04-1-150x150.jpg 150w, https:\/\/diseno.duoc.cl\/ddhub\/wp-content\/uploads\/2024\/07\/04-1-768x768.jpg 768w, https:\/\/diseno.duoc.cl\/ddhub\/wp-content\/uploads\/2024\/07\/04-1.jpg 1080w\" sizes=\"auto, (max-width: 1024px) 100vw, 1024px\" \/><\/figure>\n\n\n\n<figure class=\"wp-block-image size-large\"><img loading=\"lazy\" decoding=\"async\" width=\"1024\" height=\"1024\" data-id=\"16554\" src=\"https:\/\/dev.laboratoriodiseno.cl\/wp-content\/uploads\/2024\/07\/07-1-1024x1024.jpg\" alt=\"\" class=\"wp-image-16554\" srcset=\"https:\/\/diseno.duoc.cl\/ddhub\/wp-content\/uploads\/2024\/07\/07-1-1024x1024.jpg 1024w, https:\/\/diseno.duoc.cl\/ddhub\/wp-content\/uploads\/2024\/07\/07-1-300x300.jpg 300w, https:\/\/diseno.duoc.cl\/ddhub\/wp-content\/uploads\/2024\/07\/07-1-150x150.jpg 150w, https:\/\/diseno.duoc.cl\/ddhub\/wp-content\/uploads\/2024\/07\/07-1-768x768.jpg 768w, https:\/\/diseno.duoc.cl\/ddhub\/wp-content\/uploads\/2024\/07\/07-1.jpg 1080w\" sizes=\"auto, (max-width: 1024px) 100vw, 1024px\" \/><\/figure>\n\n\n\n<figure class=\"wp-block-image size-large\"><img loading=\"lazy\" decoding=\"async\" width=\"1024\" height=\"1024\" data-id=\"16556\" src=\"https:\/\/dev.laboratoriodiseno.cl\/wp-content\/uploads\/2024\/07\/06-1024x1024.jpg\" alt=\"\" class=\"wp-image-16556\" srcset=\"https:\/\/diseno.duoc.cl\/ddhub\/wp-content\/uploads\/2024\/07\/06-1024x1024.jpg 1024w, https:\/\/diseno.duoc.cl\/ddhub\/wp-content\/uploads\/2024\/07\/06-300x300.jpg 300w, https:\/\/diseno.duoc.cl\/ddhub\/wp-content\/uploads\/2024\/07\/06-150x150.jpg 150w, https:\/\/diseno.duoc.cl\/ddhub\/wp-content\/uploads\/2024\/07\/06-768x768.jpg 768w, https:\/\/diseno.duoc.cl\/ddhub\/wp-content\/uploads\/2024\/07\/06.jpg 1080w\" sizes=\"auto, (max-width: 1024px) 100vw, 1024px\" \/><\/figure>\n<\/figure>\n","protected":false},"excerpt":{"rendered":"<p>El d\u00eda 28 de mayo se realiz\u00f3 en el auditorio de la sede Plaza Vespucio, la charla&nbsp;\u201cEl Lado A y el Lado B de la inteligencia artificial\u201d, la cual corresponde a una actividad de transferencia de la investigaci\u00f3n realizada en el Observatorio de tendencias del DDHUB durante el a\u00f1o 2023, por el&nbsp;&nbsp;profesor Harold Chac\u00f3n, la [&hellip;]<\/p>\n","protected":false},"author":1,"featured_media":16557,"comment_status":"closed","ping_status":"closed","sticky":false,"template":"","format":"standard","meta":{"_acf_changed":false,"footnotes":""},"categories":[1],"tags":[],"destacada":[],"class_list":["post-2593","post","type-post","status-publish","format-standard","has-post-thumbnail","hentry","category-uncategorized"],"acf":[],"_links":{"self":[{"href":"https:\/\/diseno.duoc.cl\/ddhub\/wp-json\/wp\/v2\/posts\/2593","targetHints":{"allow":["GET"]}}],"collection":[{"href":"https:\/\/diseno.duoc.cl\/ddhub\/wp-json\/wp\/v2\/posts"}],"about":[{"href":"https:\/\/diseno.duoc.cl\/ddhub\/wp-json\/wp\/v2\/types\/post"}],"author":[{"embeddable":true,"href":"https:\/\/diseno.duoc.cl\/ddhub\/wp-json\/wp\/v2\/users\/1"}],"replies":[{"embeddable":true,"href":"https:\/\/diseno.duoc.cl\/ddhub\/wp-json\/wp\/v2\/comments?post=2593"}],"version-history":[{"count":2,"href":"https:\/\/diseno.duoc.cl\/ddhub\/wp-json\/wp\/v2\/posts\/2593\/revisions"}],"predecessor-version":[{"id":16558,"href":"https:\/\/diseno.duoc.cl\/ddhub\/wp-json\/wp\/v2\/posts\/2593\/revisions\/16558"}],"wp:featuredmedia":[{"embeddable":true,"href":"https:\/\/diseno.duoc.cl\/ddhub\/wp-json\/wp\/v2\/media\/16557"}],"wp:attachment":[{"href":"https:\/\/diseno.duoc.cl\/ddhub\/wp-json\/wp\/v2\/media?parent=2593"}],"wp:term":[{"taxonomy":"category","embeddable":true,"href":"https:\/\/diseno.duoc.cl\/ddhub\/wp-json\/wp\/v2\/categories?post=2593"},{"taxonomy":"post_tag","embeddable":true,"href":"https:\/\/diseno.duoc.cl\/ddhub\/wp-json\/wp\/v2\/tags?post=2593"},{"taxonomy":"destacada","embeddable":true,"href":"https:\/\/diseno.duoc.cl\/ddhub\/wp-json\/wp\/v2\/destacada?post=2593"}],"curies":[{"name":"wp","href":"https:\/\/api.w.org\/{rel}","templated":true}]}}