{"id":2148,"date":"2024-06-28T14:49:27","date_gmt":"2024-06-28T12:49:27","guid":{"rendered":"https:\/\/diseno.duoc.cl\/ddhub\/?post_type=noticias&#038;p=2148"},"modified":"2025-07-22T21:43:01","modified_gmt":"2025-07-23T01:43:01","slug":"dhub-circulab-realiza-charla-y-workshop-sobre-biomaterialesparticipacion-de-circulab-en-el-iii-congreso-iberoamericano-de-educacion-para-la-sustentabilidad-en-instituciones-de-educacion-superior-ies","status":"publish","type":"post","link":"https:\/\/diseno.duoc.cl\/ddhub\/dhub-circulab-realiza-charla-y-workshop-sobre-biomaterialesparticipacion-de-circulab-en-el-iii-congreso-iberoamericano-de-educacion-para-la-sustentabilidad-en-instituciones-de-educacion-superior-ies\/","title":{"rendered":"DHUB CIRCULAB ofrece una charla y un taller sobre biomateriales en el III Congreso Iberoamericano de Educaci\u00f3n (IES)."},"content":{"rendered":"\n<p>Entre el 16 y 18 de abril se llev\u00f3 a cabo en Santiago el III Congreso Iberoamericano de Educaci\u00f3n para la Sustentabilidad en IES, cuyo objetivo fue revisar los avances respecto de la inclusi\u00f3n de la sustentabilidad en los \u00e1mbitos de gobernanza, gesti\u00f3n de campus, academia y cultura. La actividad fue organizada por la Universidad Tecnol\u00f3gica Metropolitana, la Red Campus Sustentable (de la cual Duoc UC es parte) y coorganizado por la Universidad Cat\u00f3lica de Temuco, Universidad Cat\u00f3lica del Maule, Universidad Bernardo O&#8217;Higgins y el Centro de Formaci\u00f3n T\u00e9cnica ENAC. En \u00e9l, Cristina Rivera e Isidora Guarda, ambas docentes de la Escuela de Dise\u00f1o en la sede San Carlos de Apoquindo, presentaron CIRCULAB, el laboratorio de materiales sustentables, perteneciente al DDHUB &#8211; Hub de Dise\u00f1o Duoc UC, cuyo objetivo es promover los principios del dise\u00f1o sustentable, el valor de la experimentaci\u00f3n, la investigaci\u00f3n y la vinculaci\u00f3n con el medio.&nbsp;<\/p>\n\n\n\n<p>En su ponencia, las docentes presentaron las diferentes l\u00edneas de trabajo que aborda el laboratorio, as\u00ed como tambi\u00e9n la metodolog\u00eda que se utiliza para apoyar a estudiantes y docentes en la implementaci\u00f3n de proyectos relacionados a sustentabilidad y el desarrollo de nuevos materiales (ya sean estos biomateriales u otros generados a partir de la transformaci\u00f3n de residuos).&nbsp;&nbsp;<\/p>\n\n\n\n<p><strong><em>\u201cEn el laboratorio apoyamos a cualquier estudiante de la Escuela de Dise\u00f1o que est\u00e9 trabajando en alg\u00fan proyecto con materiales sustentables. Le facilitamos nuestras instalaciones y equipos, le ense\u00f1amos y lo asesoramos. Tambi\u00e9n guiamos proyectos colaborativos con entidades externas en las que alg\u00fan taller o asignatura est\u00e9 trabajando.\u201d<\/em><\/strong>&nbsp;<\/p>\n\n\n\n<p><strong><em>\u201cLos profesores interesados en el tema tienen las puertas abiertas para hacer investigaci\u00f3n, para hacer proyectos vinculados a entidades externas, y pueden encontrar en Isidora y en m\u00ed un apoyo para sus clases y proyectos acad\u00e9micos,\u201d concluye Cristina Rivera.<\/em><\/strong>&nbsp;<\/p>\n\n\n\n<p>De acuerdo con lo se\u00f1alado por las docentes, se espera armar, a partir del trabajo en Circulab, un ecosistema de colaboraci\u00f3n, investigaci\u00f3n y desarrollo de proyectos acad\u00e9micos y con empresas que beneficie a toda la comunidad de la Escuela y de Duoc UC y que, en ese sentido, la participaci\u00f3n en el Congreso sirvi\u00f3 no s\u00f3lo para presentar el proyecto del Laboratorio de Materiales Sustentables, sino que tambi\u00e9n para generar redes y posibilidades de colaboraci\u00f3n con otras instituciones y personas.&nbsp;<\/p>\n\n\n\n<div style=\"height:50px\" aria-hidden=\"true\" class=\"wp-block-spacer\"><\/div>\n\n\n\n<figure class=\"wp-block-gallery has-nested-images columns-default is-cropped wp-block-gallery-1 is-layout-flex wp-block-gallery-is-layout-flex\">\n<figure class=\"wp-block-image size-large\"><img loading=\"lazy\" decoding=\"async\" width=\"1024\" height=\"461\" data-id=\"16562\" src=\"https:\/\/dev.laboratoriodiseno.cl\/wp-content\/uploads\/2024\/06\/IMG-20240417-WA0122-1024x461.jpg\" alt=\"\" class=\"wp-image-16562\" srcset=\"https:\/\/diseno.duoc.cl\/ddhub\/wp-content\/uploads\/2024\/06\/IMG-20240417-WA0122-1024x461.jpg 1024w, https:\/\/diseno.duoc.cl\/ddhub\/wp-content\/uploads\/2024\/06\/IMG-20240417-WA0122-300x135.jpg 300w, https:\/\/diseno.duoc.cl\/ddhub\/wp-content\/uploads\/2024\/06\/IMG-20240417-WA0122-768x346.jpg 768w, https:\/\/diseno.duoc.cl\/ddhub\/wp-content\/uploads\/2024\/06\/IMG-20240417-WA0122-1536x691.jpg 1536w, https:\/\/diseno.duoc.cl\/ddhub\/wp-content\/uploads\/2024\/06\/IMG-20240417-WA0122.jpg 1600w\" sizes=\"auto, (max-width: 1024px) 100vw, 1024px\" \/><\/figure>\n\n\n\n<figure class=\"wp-block-image size-large\"><img loading=\"lazy\" decoding=\"async\" width=\"1024\" height=\"768\" data-id=\"16563\" src=\"https:\/\/dev.laboratoriodiseno.cl\/wp-content\/uploads\/2024\/06\/IMG-20240417-WA0167-1024x768.jpg\" alt=\"\" class=\"wp-image-16563\" srcset=\"https:\/\/diseno.duoc.cl\/ddhub\/wp-content\/uploads\/2024\/06\/IMG-20240417-WA0167-1024x768.jpg 1024w, https:\/\/diseno.duoc.cl\/ddhub\/wp-content\/uploads\/2024\/06\/IMG-20240417-WA0167-300x225.jpg 300w, https:\/\/diseno.duoc.cl\/ddhub\/wp-content\/uploads\/2024\/06\/IMG-20240417-WA0167-768x576.jpg 768w, https:\/\/diseno.duoc.cl\/ddhub\/wp-content\/uploads\/2024\/06\/IMG-20240417-WA0167.jpg 1280w\" sizes=\"auto, (max-width: 1024px) 100vw, 1024px\" \/><\/figure>\n\n\n\n<figure class=\"wp-block-image size-large\"><img loading=\"lazy\" decoding=\"async\" width=\"1024\" height=\"461\" data-id=\"16564\" src=\"https:\/\/dev.laboratoriodiseno.cl\/wp-content\/uploads\/2024\/06\/IMG-20240417-WA0124-1024x461.jpg\" alt=\"\" class=\"wp-image-16564\" srcset=\"https:\/\/diseno.duoc.cl\/ddhub\/wp-content\/uploads\/2024\/06\/IMG-20240417-WA0124-1024x461.jpg 1024w, https:\/\/diseno.duoc.cl\/ddhub\/wp-content\/uploads\/2024\/06\/IMG-20240417-WA0124-300x135.jpg 300w, https:\/\/diseno.duoc.cl\/ddhub\/wp-content\/uploads\/2024\/06\/IMG-20240417-WA0124-768x346.jpg 768w, https:\/\/diseno.duoc.cl\/ddhub\/wp-content\/uploads\/2024\/06\/IMG-20240417-WA0124-1536x691.jpg 1536w, https:\/\/diseno.duoc.cl\/ddhub\/wp-content\/uploads\/2024\/06\/IMG-20240417-WA0124.jpg 1600w\" sizes=\"auto, (max-width: 1024px) 100vw, 1024px\" \/><\/figure>\n\n\n\n<figure class=\"wp-block-image size-large\"><img loading=\"lazy\" decoding=\"async\" width=\"1024\" height=\"1024\" data-id=\"16566\" src=\"https:\/\/dev.laboratoriodiseno.cl\/wp-content\/uploads\/2024\/06\/baja-1024x1024.jpg\" alt=\"\" class=\"wp-image-16566\" srcset=\"https:\/\/diseno.duoc.cl\/ddhub\/wp-content\/uploads\/2024\/06\/baja-1024x1024.jpg 1024w, https:\/\/diseno.duoc.cl\/ddhub\/wp-content\/uploads\/2024\/06\/baja-300x300.jpg 300w, https:\/\/diseno.duoc.cl\/ddhub\/wp-content\/uploads\/2024\/06\/baja-150x150.jpg 150w, https:\/\/diseno.duoc.cl\/ddhub\/wp-content\/uploads\/2024\/06\/baja-768x768.jpg 768w, https:\/\/diseno.duoc.cl\/ddhub\/wp-content\/uploads\/2024\/06\/baja.jpg 1080w\" sizes=\"auto, (max-width: 1024px) 100vw, 1024px\" \/><\/figure>\n<\/figure>\n","protected":false},"excerpt":{"rendered":"<p>Entre el 16 y 18 de abril se llev\u00f3 a cabo en Santiago el III Congreso Iberoamericano de Educaci\u00f3n para la Sustentabilidad en IES, cuyo objetivo fue revisar los avances respecto de la inclusi\u00f3n de la sustentabilidad en los \u00e1mbitos de gobernanza, gesti\u00f3n de campus, academia y cultura. La actividad fue organizada por la Universidad [&hellip;]<\/p>\n","protected":false},"author":1,"featured_media":16561,"comment_status":"closed","ping_status":"closed","sticky":false,"template":"","format":"standard","meta":{"_acf_changed":false,"footnotes":""},"categories":[1],"tags":[],"destacada":[],"class_list":["post-2148","post","type-post","status-publish","format-standard","has-post-thumbnail","hentry","category-uncategorized"],"acf":[],"_links":{"self":[{"href":"https:\/\/diseno.duoc.cl\/ddhub\/wp-json\/wp\/v2\/posts\/2148","targetHints":{"allow":["GET"]}}],"collection":[{"href":"https:\/\/diseno.duoc.cl\/ddhub\/wp-json\/wp\/v2\/posts"}],"about":[{"href":"https:\/\/diseno.duoc.cl\/ddhub\/wp-json\/wp\/v2\/types\/post"}],"author":[{"embeddable":true,"href":"https:\/\/diseno.duoc.cl\/ddhub\/wp-json\/wp\/v2\/users\/1"}],"replies":[{"embeddable":true,"href":"https:\/\/diseno.duoc.cl\/ddhub\/wp-json\/wp\/v2\/comments?post=2148"}],"version-history":[{"count":2,"href":"https:\/\/diseno.duoc.cl\/ddhub\/wp-json\/wp\/v2\/posts\/2148\/revisions"}],"predecessor-version":[{"id":16567,"href":"https:\/\/diseno.duoc.cl\/ddhub\/wp-json\/wp\/v2\/posts\/2148\/revisions\/16567"}],"wp:featuredmedia":[{"embeddable":true,"href":"https:\/\/diseno.duoc.cl\/ddhub\/wp-json\/wp\/v2\/media\/16561"}],"wp:attachment":[{"href":"https:\/\/diseno.duoc.cl\/ddhub\/wp-json\/wp\/v2\/media?parent=2148"}],"wp:term":[{"taxonomy":"category","embeddable":true,"href":"https:\/\/diseno.duoc.cl\/ddhub\/wp-json\/wp\/v2\/categories?post=2148"},{"taxonomy":"post_tag","embeddable":true,"href":"https:\/\/diseno.duoc.cl\/ddhub\/wp-json\/wp\/v2\/tags?post=2148"},{"taxonomy":"destacada","embeddable":true,"href":"https:\/\/diseno.duoc.cl\/ddhub\/wp-json\/wp\/v2\/destacada?post=2148"}],"curies":[{"name":"wp","href":"https:\/\/api.w.org\/{rel}","templated":true}]}}