{"id":13909,"date":"2024-08-26T22:54:41","date_gmt":"2024-08-26T20:54:41","guid":{"rendered":"https:\/\/diseno.duoc.cl\/ddhub\/?post_type=noticias&#038;p=4261"},"modified":"2026-04-21T16:28:59","modified_gmt":"2026-04-21T20:28:59","slug":"vicini-da-lontano-diseno-ideas-y-proyectos-como-medio-de-solidaridad-a-distancia","status":"publish","type":"post","link":"https:\/\/diseno.duoc.cl\/ddhub\/vicini-da-lontano-diseno-ideas-y-proyectos-como-medio-de-solidaridad-a-distancia\/","title":{"rendered":"+VICINI DA LONTANO: dise\u00f1o, ideas y proyectos como medio de solidaridad a distancia.\u00a0"},"content":{"rendered":"\n<p>DDHUB, junto a ANAKO, laboratorio de investigaci\u00f3n y desarrollo de los Apeninos en Italia, Fundaci\u00f3n Tierra de Hombres de Espa\u00f1a y La ONG espa\u00f1ola Ayuda en Acci\u00f3n, te invitan a participar en el workshop de innovaci\u00f3n social Piu vicini da lontano, que se realizar\u00e1 de manera presencial en las sedes Padre Alonso de Ovalle, Vi\u00f1a del Mar y Concepci\u00f3n.&nbsp;<\/p>\n\n\n\n<p>El proyecto \u00ab+Cerca desde lejos\u00bb (<a href=\"https:\/\/www.anako.it\/piuvicinidalontano-spiega.html\" target=\"_blank\" rel=\"noreferrer noopener\">https:\/\/www.anako.it\/piuvicinidalontano-spiega.html<\/a>) tiene como objetivo abordar, mediante la aplicaci\u00f3n de la planificaci\u00f3n compartida y el Design Thinking, los problemas relacionados con los bienes b\u00e1sicos y de emergencia que existen en los campos de refugiados y en las zonas devastadas por las guerras en curso. Seg\u00fan estimaciones de ACNUR, en 2023 hay aproximadamente 893 millones de refugiados en todo el mundo, muchos de los cuales pasan a\u00f1os en campos de refugiados en diferentes partes del mundo.&nbsp;<\/p>\n\n\n\n<p>Este proyecto pretende aportar soluciones concretas para mejorar la calidad de vida de estas personas.&nbsp;<\/p>\n\n\n\n<p>El objetivo del taller es explorar junto a las organizaciones, nuevas posibilidades de dise\u00f1o, uso y fabricaci\u00f3n de productos que permitan favorecer la protecci\u00f3n de las personas m\u00e1s d\u00e9biles, reci\u00e9n nacidos, ancianos o enfermos que habiten campos de refugiados o poblaciones en crisis, que pueda ser implementado de manera simple, econ\u00f3mica y pr\u00e1ctica donde se necesite.\u200b&nbsp;<\/p>\n\n\n\n<p>Cada equipo por sede ser\u00e1 dirigido por un docente, los docentes gu\u00eda y sus horarios de desarrollo del taller son:&nbsp;<\/p>\n\n\n\n<p>Marcelo Vivanco (sede Alonso de Ovalle) jueves de 09:10 a 12:00&nbsp;<\/p>\n\n\n\n<p>Vania Olavarr\u00eda (Sede Vi\u00f1a del Mar) jueves de 14:30 a 17:20 horas&nbsp;<\/p>\n\n\n\n<p>Luz Patricia Vargas (Sede Concepci\u00f3n) lunes de 10:00 a 12:50 Horas&nbsp;<\/p>\n\n\n\n<p>El taller est\u00e1 dirigido a todos los estudiantes de la Escuela de Dise\u00f1o y abierto tambi\u00e9n a estudiantes de la Escuela de Salud. Pueden participar alumnos de cualquier sede que tengan inter\u00e9s y puedan asistir a alguna de las sedes donde se dictar\u00e1. Los requisitos de postulaci\u00f3n son:&nbsp;<\/p>\n\n\n\n<ul class=\"wp-block-list\">\n<li>Estar en el segundo a\u00f1o o en un nivel superior de su carrera (se evaluar\u00e1 cada postulaci\u00f3n de acuerdo a la carrera de origen, tanto para alumnos de Dise\u00f1o, como de Salud).&nbsp;<\/li>\n<\/ul>\n\n\n\n<ul class=\"wp-block-list\">\n<li>Tener motivaci\u00f3n e inter\u00e9s para aportar con soluciones reales a quienes viven en situaciones de emergencia.&nbsp;<\/li>\n<\/ul>\n\n\n\n<ul class=\"wp-block-list\">\n<li>Contar con disponibilidad horaria para asistir al taller de la sede al que se postula y comprometerse a participar en \u00e9l.&nbsp;<\/li>\n<\/ul>\n\n\n\n<p>Caracter\u00edsticas del taller y requisitos de aprobaci\u00f3n:&nbsp;<\/p>\n\n\n\n<figure class=\"wp-block-image size-full is-resized\"><img decoding=\"async\" src=\"https:\/\/diseno.duoc.cl\/ddhub\/wp-content\/uploads\/2024\/08\/c4194228-7fe1-4c0a-82dd-e8c8259ae3de.png\" alt=\"\" class=\"wp-image-4263\" style=\"width:626px;height:auto\"\/><\/figure>\n\n\n\n<p>Postulaci\u00f3n abierta hasta el d\u00eda 13 de septiembre de 2024 en el siguiente enlace:\u00a0<a href=\"https:\/\/bit.ly\/piuvicinidalontanoddhub\">https:\/\/bit.ly\/piuvicinidalontanoddhub<\/a><\/p>\n\n\n\n<p>Inicio del taller: 23 de septiembre de 2024&nbsp;<\/p>\n\n\n\n<p>Consultas a&nbsp;&nbsp;<\/p>\n\n\n\n<p>Pablo Melzer&nbsp;&nbsp;<\/p>\n\n\n\n<p>Docente escuela de dise\u00f1o&nbsp;<\/p>\n\n\n\n<p><a href=\"mailto:p.melzer@profesor.duoc.cl\" target=\"_blank\" rel=\"noreferrer noopener\">p.melzer@profesor.duoc.cl<\/a>&nbsp;<\/p>\n","protected":false},"excerpt":{"rendered":"<p>DDHUB, junto a ANAKO, laboratorio de investigaci\u00f3n y desarrollo de los Apeninos en Italia, Fundaci\u00f3n Tierra de Hombres de Espa\u00f1a y La ONG espa\u00f1ola Ayuda en Acci\u00f3n, te invitan a participar en el workshop de innovaci\u00f3n social Piu vicini da lontano, que se realizar\u00e1 de manera presencial en las sedes Padre Alonso de Ovalle, Vi\u00f1a [&hellip;]<\/p>\n","protected":false},"author":1,"featured_media":13979,"comment_status":"closed","ping_status":"closed","sticky":false,"template":"","format":"standard","meta":{"_acf_changed":false,"footnotes":""},"categories":[100],"tags":[],"destacada":[],"class_list":["post-13909","post","type-post","status-publish","format-standard","has-post-thumbnail","hentry","category-vinculacion-y-redes"],"acf":[],"_links":{"self":[{"href":"https:\/\/diseno.duoc.cl\/ddhub\/wp-json\/wp\/v2\/posts\/13909","targetHints":{"allow":["GET"]}}],"collection":[{"href":"https:\/\/diseno.duoc.cl\/ddhub\/wp-json\/wp\/v2\/posts"}],"about":[{"href":"https:\/\/diseno.duoc.cl\/ddhub\/wp-json\/wp\/v2\/types\/post"}],"author":[{"embeddable":true,"href":"https:\/\/diseno.duoc.cl\/ddhub\/wp-json\/wp\/v2\/users\/1"}],"replies":[{"embeddable":true,"href":"https:\/\/diseno.duoc.cl\/ddhub\/wp-json\/wp\/v2\/comments?post=13909"}],"version-history":[{"count":1,"href":"https:\/\/diseno.duoc.cl\/ddhub\/wp-json\/wp\/v2\/posts\/13909\/revisions"}],"predecessor-version":[{"id":13912,"href":"https:\/\/diseno.duoc.cl\/ddhub\/wp-json\/wp\/v2\/posts\/13909\/revisions\/13912"}],"wp:featuredmedia":[{"embeddable":true,"href":"https:\/\/diseno.duoc.cl\/ddhub\/wp-json\/wp\/v2\/media\/13979"}],"wp:attachment":[{"href":"https:\/\/diseno.duoc.cl\/ddhub\/wp-json\/wp\/v2\/media?parent=13909"}],"wp:term":[{"taxonomy":"category","embeddable":true,"href":"https:\/\/diseno.duoc.cl\/ddhub\/wp-json\/wp\/v2\/categories?post=13909"},{"taxonomy":"post_tag","embeddable":true,"href":"https:\/\/diseno.duoc.cl\/ddhub\/wp-json\/wp\/v2\/tags?post=13909"},{"taxonomy":"destacada","embeddable":true,"href":"https:\/\/diseno.duoc.cl\/ddhub\/wp-json\/wp\/v2\/destacada?post=13909"}],"curies":[{"name":"wp","href":"https:\/\/api.w.org\/{rel}","templated":true}]}}