{"id":13903,"date":"2024-07-02T00:47:41","date_gmt":"2024-07-01T22:47:41","guid":{"rendered":"https:\/\/diseno.duoc.cl\/ddhub\/?post_type=noticias&#038;p=2186"},"modified":"2025-07-22T21:30:29","modified_gmt":"2025-07-23T01:30:29","slug":"ddhub-y-la-fundacion-gusinde-invitan-a-participar-en-el-proyecto-historia-de-una-huella","status":"publish","type":"post","link":"https:\/\/diseno.duoc.cl\/ddhub\/ddhub-y-la-fundacion-gusinde-invitan-a-participar-en-el-proyecto-historia-de-una-huella\/","title":{"rendered":"DDHUB y la Fundaci\u00f3n Gusinde invitan a participar en el proyecto \u00abHistoria de una huella\u00bb."},"content":{"rendered":"\n<p>DDHUB, en conjunto con la Direcci\u00f3n de Desarrollo Estudiantil de Duoc UC y la Fundaci\u00f3n Gusinde, te invitan a ser parte del emocionante proyecto \u201cFabricaci\u00f3n y montaje de la exposici\u00f3n Historia de una huella\u201d. Este proyecto destacar\u00e1 el di\u00e1logo logrado entre Mart\u00edn Gusinde y los pueblos originarios del sur de Chile.<\/p>\n\n\n\n<p><strong>Oferta de pr\u00e1ctica y ayudant\u00edas<\/strong><\/p>\n\n\n\n<p>Estamos en b\u00fasqueda de practicantes y ayudantes que deseen participar en este significativo proyecto. Las posiciones disponibles son:<\/p>\n\n\n\n<p><strong>Pr\u00e1ctica Profesional:<\/strong><\/p>\n\n\n\n<ul class=\"wp-block-list\">\n<li>3 estudiantes de Dise\u00f1o Industrial<\/li>\n\n\n\n<li>3 estudiantes de Dise\u00f1o de Ambientes<\/li>\n<\/ul>\n\n\n\n<p><strong>Ayudantes de Equipo:<\/strong><\/p>\n\n\n\n<ul class=\"wp-block-list\">\n<li>2 estudiantes de Dise\u00f1o Industrial<\/li>\n\n\n\n<li>1 estudiante de Dise\u00f1o de Ambientes<\/li>\n\n\n\n<li>1 estudiante de Dise\u00f1o Gr\u00e1fico<\/li>\n<\/ul>\n\n\n\n<p><strong>Requisitos generales:<\/strong><\/p>\n\n\n\n<ul class=\"wp-block-list\">\n<li>Disponibilidad para trabajar entre el 5 de agosto y el 13 de septiembre.<\/li>\n\n\n\n<li>Para los cupos de pr\u00e1cticas y ayudantes de Dise\u00f1o Industrial y Dise\u00f1o de Ambientes: manejo de t\u00e9cnicas y herramientas de maquetaci\u00f3n, prototipado y construcci\u00f3n.<\/li>\n\n\n\n<li>Posibilidad de asistir presencialmente a la sede Padre Alonso de Ovalle.<\/li>\n<\/ul>\n\n\n\n<p><strong>Requisitos espec\u00edficos:<\/strong><\/p>\n\n\n\n<ul class=\"wp-block-list\">\n<li>Para Pr\u00e1ctica Profesional: Ser alumno\/a de alguna de las carreras especificadas y cumplir con los requisitos acad\u00e9micos necesarios.<\/li>\n\n\n\n<li>Para Ayudante de Equipo: Ser alumno\/a de sexto semestre (o superior) de su carrera.<\/li>\n<\/ul>\n\n\n\n<p><strong>Postula hasta el 11 de julio<\/strong><\/p>\n\n\n\n<p>Para m\u00e1s informaci\u00f3n del proyecto y los cupos ofrecidos, contacta a Janett Campos (<a>jan.camposg@profesor.duoc.cl<\/a>) o ingresa a <a>bit.ly\/MARTINGUSINDE<\/a>.<\/p>\n\n\n\n<p><\/p>\n","protected":false},"excerpt":{"rendered":"<p>DDHUB, en conjunto con la Direcci\u00f3n de Desarrollo Estudiantil de Duoc UC y la Fundaci\u00f3n Gusinde, te invitan a ser parte del emocionante proyecto \u201cFabricaci\u00f3n y montaje de la exposici\u00f3n Historia de una huella\u201d. Este proyecto destacar\u00e1 el di\u00e1logo logrado entre Mart\u00edn Gusinde y los pueblos originarios del sur de Chile. Oferta de pr\u00e1ctica y [&hellip;]<\/p>\n","protected":false},"author":1,"featured_media":16559,"comment_status":"closed","ping_status":"closed","sticky":false,"template":"","format":"standard","meta":{"_acf_changed":false,"footnotes":""},"categories":[1],"tags":[],"destacada":[],"class_list":["post-13903","post","type-post","status-publish","format-standard","has-post-thumbnail","hentry","category-uncategorized"],"acf":[],"_links":{"self":[{"href":"https:\/\/diseno.duoc.cl\/ddhub\/wp-json\/wp\/v2\/posts\/13903","targetHints":{"allow":["GET"]}}],"collection":[{"href":"https:\/\/diseno.duoc.cl\/ddhub\/wp-json\/wp\/v2\/posts"}],"about":[{"href":"https:\/\/diseno.duoc.cl\/ddhub\/wp-json\/wp\/v2\/types\/post"}],"author":[{"embeddable":true,"href":"https:\/\/diseno.duoc.cl\/ddhub\/wp-json\/wp\/v2\/users\/1"}],"replies":[{"embeddable":true,"href":"https:\/\/diseno.duoc.cl\/ddhub\/wp-json\/wp\/v2\/comments?post=13903"}],"version-history":[{"count":1,"href":"https:\/\/diseno.duoc.cl\/ddhub\/wp-json\/wp\/v2\/posts\/13903\/revisions"}],"predecessor-version":[{"id":13919,"href":"https:\/\/diseno.duoc.cl\/ddhub\/wp-json\/wp\/v2\/posts\/13903\/revisions\/13919"}],"wp:featuredmedia":[{"embeddable":true,"href":"https:\/\/diseno.duoc.cl\/ddhub\/wp-json\/wp\/v2\/media\/16559"}],"wp:attachment":[{"href":"https:\/\/diseno.duoc.cl\/ddhub\/wp-json\/wp\/v2\/media?parent=13903"}],"wp:term":[{"taxonomy":"category","embeddable":true,"href":"https:\/\/diseno.duoc.cl\/ddhub\/wp-json\/wp\/v2\/categories?post=13903"},{"taxonomy":"post_tag","embeddable":true,"href":"https:\/\/diseno.duoc.cl\/ddhub\/wp-json\/wp\/v2\/tags?post=13903"},{"taxonomy":"destacada","embeddable":true,"href":"https:\/\/diseno.duoc.cl\/ddhub\/wp-json\/wp\/v2\/destacada?post=13903"}],"curies":[{"name":"wp","href":"https:\/\/api.w.org\/{rel}","templated":true}]}}